{"id":5137,"date":"2023-03-12T12:47:06","date_gmt":"2023-03-12T11:47:06","guid":{"rendered":"https:\/\/www.drama-panorama.com\/en\/?p=5137"},"modified":"2025-06-24T23:12:34","modified_gmt":"2025-06-24T21:12:34","slug":"roman-sikora-das-prager-jesulein-the-infant-jesus-of-prague-video-of-the-staged-reading-from-8-december-2022-galiery-of-the-czech-centre-berlin","status":"publish","type":"post","link":"https:\/\/www.drama-panorama.com\/en\/2023\/03\/12\/roman-sikora-das-prager-jesulein-the-infant-jesus-of-prague-video-of-the-staged-reading-from-8-december-2022-galiery-of-the-czech-centre-berlin\/","title":{"rendered":"Roman Sikora: Das Prager Jesulein (The Infant Jesus of Prague) &#8211; Video of the staged reading from 8 December 2022, GalIery of the Czech Centre Berlin"},"content":{"rendered":"\n<p><strong>The video from the staged reading on 8 December 2022 is now online on our YouTube channel!<\/strong><\/p>\n\n\n\n<p>It was one of the last events in the gallery of the Czech Centre, which is part of the Czech Embassy in Berlin, because the entire building complex is about to undergo extensive renovation. The embassy building, also called the &#8220;spaceship&#8221; by Berliners, is one of the most important buildings of Brutalism.<\/p>\n\n\n\n<h4 class=\"wp-block-heading\"><\/h4>\n\n\n\n<div class=\"wp-block-columns is-layout-flex wp-container-core-columns-is-layout-9d6595d7 wp-block-columns-is-layout-flex\">\n<div class=\"wp-block-column is-layout-flow wp-block-column-is-layout-flow\"><div class=\"wp-block-image\">\n<figure class=\"aligncenter size-full is-resized\"><img decoding=\"async\" src=\"https:\/\/www.drama-panorama.com\/wp-content\/uploads\/2023\/03\/20221208_204023.jpg\" alt=\"\" class=\"wp-image-9617\" style=\"width:361px;height:269px\"\/><figcaption class=\"wp-element-caption\">Von links: Barbora Schnelle, Roman Sikora und Christina Frankenberg<\/figcaption><\/figure>\n<\/div>\n\n\n<p><\/p>\n<\/div>\n<\/div>\n\n\n\n<h2 class=\"wp-block-heading\">Roman Sikora: <em>Das Prager Jesulein<\/em> (<em>The Infant Jesus of Prague<\/em>)<\/h2>\n\n\n\n<p><strong>Translated by Barbora Schnelle<\/strong><\/p>\n\n\n\n<p class=\"has-light-turquise-background-color has-background\"><strong>Staged reading directed by<\/strong>: <strong>Eberhard K\u00f6hler<\/strong><\/p>\n\n\n\n<p class=\"has-light-turquise-background-color has-background\"><strong>Performed by: Thea Rasche, Naemi Schmidt-Lauber, Henning Bochert und Moritz Kienemann<\/strong><\/p>\n\n\n\n<p class=\"has-light-turquise-background-color has-background\"><strong>Audience discussion with: Roman Sikora (playwright), Barbora Schnelle (chair) and Christina Frankenberg (interpreter). With book presentation.<\/strong><\/p>\n\n\n\n<p class=\"has-light-turquise-background-color has-background\"><strong>Video: Emil Laa\u00df<\/strong><\/p>\n\n\n\n<p>Just before Christmas, we invited you to a special staged reading in the Tschechische Zentrum Berlin as part of <strong>Ein St\u00fcck: Tschechien, the Christmas Edition<\/strong>. In <em>Prager Jesulein<\/em>, Czech dramatist Roman Sikora satirises the Christmas story and relocates it to the Czech Republic in the present day. Joseph and Maria live in a Moravian village. First Joseph loses his job, then he and Maria also lose their apartment. Hoping for a better life, they go to Prague\u2026 A staged reading with plenty of Christmas songs that describe a very a different reality to the one in the play.<\/p>\n\n\n\n<p><a href=\"https:\/\/www.youtube.com\/watch?v=ivuOaHQbbf0\">https:\/\/www.youtube.com\/watch?v=ivuOaHQbbf0<\/a><\/p>\n\n\n\n<p>Roman Sikora: Das Prager Jesulein. Szenische Lesung vom 8.12.2022, Galerie des Tschechischen Zentrum Berlin. Video: Emil Laa\u00df.<\/p>\n\n\n\n<p>We will also present the newly published book, <strong><em>Roman Sikora: Fr\u00fchst\u00fcck mit Leviathan. Theaterst\u00fccke<\/em> <\/strong>(Berlin: Neofelis, 2021, ed. by Barbora Schnelle). You can find more information about the book <a rel=\"noreferrer noopener\" href=\"https:\/\/www.drama-panorama.com\/2021\/12\/21\/roman-sikoras-theaterstuecke-in-der-reihe-drama-panorama-veroeffentlicht\/\" target=\"_blank\">on our blog<\/a> and on the <a rel=\"noreferrer noopener\" href=\"https:\/\/neofelis-verlag.de\/verlagsprogramm\/literatur-theatertexte\/theatertexte\/1005\/fruehstueck-mit-leviathan\" target=\"_blank\">publisher\u2019s website<\/a>, with full press material.<\/p>\n\n\n\n<hr class=\"wp-block-separator has-alpha-channel-opacity\"\/>\n\n\n\n<p><em>An event by Drama Panorama: Forum f\u00fcr \u00dcbersetzung und Theater e. V. in cooperation with the Tschechisches Zentrum Berlin and the Embassy of the Czech Republic Berlin, funded by the German-Czech Future Fund. Supported by Neofelis Verlag Berlin.<\/em><\/p>\n\n\n\n<div class=\"wp-block-columns is-layout-flex wp-container-core-columns-is-layout-9d6595d7 wp-block-columns-is-layout-flex\">\n<div class=\"wp-block-column is-layout-flow wp-block-column-is-layout-flow\">\n<figure class=\"wp-block-image size-large\"><img decoding=\"async\" src=\"https:\/\/www.drama-panorama.com\/wp-content\/uploads\/2023\/02\/dp_Logo_2020_trans_small-1-1024x463.png\" alt=\"\" class=\"wp-image-9543\"\/><\/figure>\n<\/div>\n\n\n\n<div class=\"wp-block-column is-layout-flow wp-block-column-is-layout-flow\">\n<figure class=\"wp-block-image size-full\"><img decoding=\"async\" src=\"https:\/\/www.drama-panorama.com\/wp-content\/uploads\/2022\/08\/Neofelis-Logo_komplett_Web-jpg.jpg\" alt=\"\" class=\"wp-image-9026\"\/><\/figure>\n<\/div>\n\n\n\n<div class=\"wp-block-column is-layout-flow wp-block-column-is-layout-flow\"><\/div>\n<\/div>\n\n\n\n<div class=\"wp-block-columns is-layout-flex wp-container-core-columns-is-layout-9d6595d7 wp-block-columns-is-layout-flex\">\n<div class=\"wp-block-column is-layout-flow wp-block-column-is-layout-flow\">\n<figure class=\"wp-block-image size-full\"><img decoding=\"async\" src=\"https:\/\/www.drama-panorama.com\/wp-content\/uploads\/2022\/11\/Logo-Zukunftsfonds-1.png\" alt=\"\" class=\"wp-image-9334\"\/><\/figure>\n<\/div>\n\n\n\n<div class=\"wp-block-column is-layout-flow wp-block-column-is-layout-flow\">\n<figure class=\"wp-block-image size-large\"><img decoding=\"async\" src=\"https:\/\/www.drama-panorama.com\/wp-content\/uploads\/2022\/11\/cc_berlin_zakladni_rgb-1024x228.png\" alt=\"\" class=\"wp-image-9345\"\/><\/figure>\n<\/div>\n\n\n\n<div class=\"wp-block-column is-layout-flow wp-block-column-is-layout-flow\">\n<figure class=\"wp-block-image size-full\"><img decoding=\"async\" src=\"https:\/\/www.drama-panorama.com\/wp-content\/uploads\/2022\/11\/Berlin_de_m.png\" alt=\"\" class=\"wp-image-9299\"\/><\/figure>\n<\/div>\n<\/div>\n","protected":false},"excerpt":{"rendered":"<p>Part of Ein St\u00fcck: Tschechien, the Christmas Edition.<\/p>\n","protected":false},"author":4,"featured_media":5138,"comment_status":"open","ping_status":"open","sticky":false,"template":"","format":"standard","meta":{"_acf_changed":false,"footnotes":""},"categories":[8],"tags":[226,732,1288,1323,1473,1523],"class_list":["post-5137","post","type-post","status-publish","format-standard","has-post-thumbnail","hentry","category-veranstaltung-2-en","tag-bochert","tag-international-en","tag-schnelle","tag-sikora","tag-theatre-en","tag-translation-en"],"acf":[],"_links":{"self":[{"href":"https:\/\/www.drama-panorama.com\/en\/wp-json\/wp\/v2\/posts\/5137","targetHints":{"allow":["GET"]}}],"collection":[{"href":"https:\/\/www.drama-panorama.com\/en\/wp-json\/wp\/v2\/posts"}],"about":[{"href":"https:\/\/www.drama-panorama.com\/en\/wp-json\/wp\/v2\/types\/post"}],"author":[{"embeddable":true,"href":"https:\/\/www.drama-panorama.com\/en\/wp-json\/wp\/v2\/users\/4"}],"replies":[{"embeddable":true,"href":"https:\/\/www.drama-panorama.com\/en\/wp-json\/wp\/v2\/comments?post=5137"}],"version-history":[{"count":4,"href":"https:\/\/www.drama-panorama.com\/en\/wp-json\/wp\/v2\/posts\/5137\/revisions"}],"predecessor-version":[{"id":5950,"href":"https:\/\/www.drama-panorama.com\/en\/wp-json\/wp\/v2\/posts\/5137\/revisions\/5950"}],"wp:featuredmedia":[{"embeddable":true,"href":"https:\/\/www.drama-panorama.com\/en\/wp-json\/wp\/v2\/media\/5138"}],"wp:attachment":[{"href":"https:\/\/www.drama-panorama.com\/en\/wp-json\/wp\/v2\/media?parent=5137"}],"wp:term":[{"taxonomy":"category","embeddable":true,"href":"https:\/\/www.drama-panorama.com\/en\/wp-json\/wp\/v2\/categories?post=5137"},{"taxonomy":"post_tag","embeddable":true,"href":"https:\/\/www.drama-panorama.com\/en\/wp-json\/wp\/v2\/tags?post=5137"}],"curies":[{"name":"wp","href":"https:\/\/api.w.org\/{rel}","templated":true}]}}