{"id":3158,"date":"2017-05-03T15:23:28","date_gmt":"2017-05-03T13:23:28","guid":{"rendered":"https:\/\/www.drama-panorama.com\/cs\/?p=3158"},"modified":"2017-05-03T15:33:21","modified_gmt":"2017-05-03T13:33:21","slug":"zalozeni-umelecke-rady-pri-festivalu-ein-stuck-tschechienkus-ceska","status":"publish","type":"post","link":"https:\/\/www.drama-panorama.com\/cs\/2017\/05\/03\/zalozeni-umelecke-rady-pri-festivalu-ein-stuck-tschechienkus-ceska\/","title":{"rendered":"Zalo\u017een\u00ed um\u011bleck\u00e9 rady p\u0159i festivalu Ein St\u00fcck: Tschechien\/Kus: \u010ceska"},"content":{"rendered":"<p>Drama Panorama po\u0159\u00e1d\u00e1 od roku 2014 festival sou\u010dasn\u00e9 \u010desk\u00e9 dramatiky \u201eEin St\u00fcck: Tschechien\u201c\/ \u201eKus \u010ceska\u201c. V leto\u0161n\u00edm roce byla zalo\u017eena tak\u00e9 um\u011bleck\u00e1 rada festivalu, kter\u00e1 bude spole\u010dn\u011b s festivalovou kur\u00e1torkou Barborou Schnelle rozhodovat o v\u00fdb\u011bru divadeln\u00edch her, kter\u00e9 budou n\u00e1sledovn\u011b pozv\u00e1ny do Berl\u00edna. Prvn\u00ed konstitu\u010dn\u00ed sezen\u00ed um\u011bleck\u00e9 prob\u011bhlo 8. dubna v Brn\u011b.<!--more--> Po jedn\u00e1n\u00ed rady v\u0161ichni \u010dlenov\u00e9 shl\u00e9dli inscenaci aktu\u00e1ln\u00ed divadeln\u00ed hry \u201eHerec a truhl\u00e1\u0159 Majer hovo\u0159\u00ed o stavu sv\u00e9 domoviny\u201c od Davida Z\u00e1bransk\u00e9ho v\u00a0re\u017eii Kamily Pol\u00edvkov\u00e9 (Studio Hrdin\u016f, 2017, hostuj\u00edc\u00ed p\u0159edstaven\u00ed v HaDivadle).<\/p>\n<div id=\"attachment_3159\" style=\"width: 5194px\" class=\"wp-caption aligncenter\"><img loading=\"lazy\" decoding=\"async\" aria-describedby=\"caption-attachment-3159\" class=\"size-full wp-image-3159\" src=\"https:\/\/www.drama-panorama.com\/cs\/wp-content\/uploads\/sites\/5\/2017\/05\/EST-kuenstlBeirat.jpg\" alt=\"\" width=\"5184\" height=\"3888\" srcset=\"https:\/\/www.drama-panorama.com\/cs\/wp-content\/uploads\/sites\/5\/2017\/05\/EST-kuenstlBeirat.jpg 5184w, https:\/\/www.drama-panorama.com\/cs\/wp-content\/uploads\/sites\/5\/2017\/05\/EST-kuenstlBeirat-300x225.jpg 300w, https:\/\/www.drama-panorama.com\/cs\/wp-content\/uploads\/sites\/5\/2017\/05\/EST-kuenstlBeirat-768x576.jpg 768w, https:\/\/www.drama-panorama.com\/cs\/wp-content\/uploads\/sites\/5\/2017\/05\/EST-kuenstlBeirat-1024x768.jpg 1024w, https:\/\/www.drama-panorama.com\/cs\/wp-content\/uploads\/sites\/5\/2017\/05\/EST-kuenstlBeirat-750x563.jpg 750w\" sizes=\"auto, (max-width: 5184px) 100vw, 5184px\" \/><p id=\"caption-attachment-3159\" class=\"wp-caption-text\">Foto: Barbora Schnelle<\/p><\/div>\n<p>\u010cestn\u00e9 funkce v \u010desko-n\u011bmeck\u00e9 um\u011bleck\u00e9 rad\u011b festivalu se ujali (na fotografii zleva):<\/p>\n<ul>\n<li>doc. Mgr. David Drozd, Ph.D., dramaturg a divadeln\u00ed v\u011bdec, Jan\u00e1\u010dkova akademie m\u00fazick\u00fdch um\u011bn\u00ed, Brno<\/li>\n<li>Mgr. Karol\u00edna Stehl\u00edkov\u00e1, Ph.D., divadeln\u00ed v\u011bdkyn\u011b, Katedra divadeln\u00edch studi\u00ed, Masarykova univerzita Brno<\/li>\n<li>Dr. Matteo Colombi, v\u011bdec a divadeln\u00edk, v\u011bdeck\u00fd pracovn\u00edk na Geisteswissenschaftliches Zentrum Geschichte und Kultur Ostmitteleuropas (GWZO) na Lipsk\u00e9 univerzit\u011b, d\u00e1le visiting professor na \u00dastavu slavistiky Humboldtovy univerzity Berl\u00edn<\/li>\n<li>Mgr. Hana Hlo\u017ekov\u00e1, dramaturgyn\u011b \u010cesk\u00e9ho rozhlasu<\/li>\n<\/ul>\n<p>D\u011bkujeme v\u0161em \u010dlen\u016fm za podporu na\u0161ich festivalov\u00fdch aktivit!<\/p>\n<p>&nbsp;<\/p>\n<p>&nbsp;<\/p>\n","protected":false},"excerpt":{"rendered":"<p>Drama Panorama po\u0159\u00e1d\u00e1 od roku 2014 festival sou\u010dasn\u00e9 \u010desk\u00e9 dramatiky \u201eEin St\u00fcck: Tschechien\u201c\/ \u201eKus \u010ceska\u201c. V leto\u0161n\u00edm roce byla zalo\u017eena tak\u00e9 um\u011bleck\u00e1 rada festivalu, kter\u00e1 bude spole\u010dn\u011b s festivalovou kur\u00e1torkou Barborou Schnelle rozhodovat o v\u00fdb\u011bru divadeln\u00edch her, kter\u00e9 budou n\u00e1sledovn\u011b pozv\u00e1ny do Berl\u00edna. Prvn\u00ed konstitu\u010dn\u00ed&hellip; <a class=\"read-more\" href=\"https:\/\/www.drama-panorama.com\/cs\/2017\/05\/03\/zalozeni-umelecke-rady-pri-festivalu-ein-stuck-tschechienkus-ceska\/\">Read more<\/a><\/p>\n","protected":false},"author":4,"featured_media":0,"comment_status":"open","ping_status":"open","sticky":false,"template":"","format":"standard","meta":{"_acf_changed":false,"footnotes":""},"categories":[1803],"tags":[169,173,211,234,1851,304,305,1785,1854,378,402,426,433,1850,535,1847,1857,706,1856,1848,1846,1853,1783,1855,1845,1324,1852,1789,1794,1849],"class_list":["post-3158","post","type-post","status-publish","format-standard","hentry","category-udalost","tag-barbora","tag-barbora-schnelle-cs","tag-berlin","tag-bochert","tag-brno","tag-ceske","tag-ceske-centrum","tag-ceske-divadlo","tag-colombi","tag-david","tag-divadlo","tag-drama-cs","tag-drama-panorama-cs","tag-drozd","tag-festival-cs","tag-hadivadlo","tag-hana","tag-henning-bochert-cs","tag-hlozkova","tag-hrdino","tag-kamila","tag-karolina","tag-kus-ceska","tag-matteo","tag-polikova","tag-schnelle","tag-stehlikova","tag-theater-unterm-dach","tag-tschechien","tag-zabransky"],"acf":[],"_links":{"self":[{"href":"https:\/\/www.drama-panorama.com\/cs\/wp-json\/wp\/v2\/posts\/3158","targetHints":{"allow":["GET"]}}],"collection":[{"href":"https:\/\/www.drama-panorama.com\/cs\/wp-json\/wp\/v2\/posts"}],"about":[{"href":"https:\/\/www.drama-panorama.com\/cs\/wp-json\/wp\/v2\/types\/post"}],"author":[{"embeddable":true,"href":"https:\/\/www.drama-panorama.com\/cs\/wp-json\/wp\/v2\/users\/4"}],"replies":[{"embeddable":true,"href":"https:\/\/www.drama-panorama.com\/cs\/wp-json\/wp\/v2\/comments?post=3158"}],"version-history":[{"count":0,"href":"https:\/\/www.drama-panorama.com\/cs\/wp-json\/wp\/v2\/posts\/3158\/revisions"}],"wp:attachment":[{"href":"https:\/\/www.drama-panorama.com\/cs\/wp-json\/wp\/v2\/media?parent=3158"}],"wp:term":[{"taxonomy":"category","embeddable":true,"href":"https:\/\/www.drama-panorama.com\/cs\/wp-json\/wp\/v2\/categories?post=3158"},{"taxonomy":"post_tag","embeddable":true,"href":"https:\/\/www.drama-panorama.com\/cs\/wp-json\/wp\/v2\/tags?post=3158"}],"curies":[{"name":"wp","href":"https:\/\/api.w.org\/{rel}","templated":true}]}}